{"id":471,"date":"2023-08-08T13:25:50","date_gmt":"2023-08-08T13:25:50","guid":{"rendered":"https:\/\/holgerziegeler.com\/?p=471"},"modified":"2023-09-05T10:52:12","modified_gmt":"2023-09-05T10:52:12","slug":"feierlichkeiten-zum-tag-der-belutschen-kultur-in-pakistan","status":"publish","type":"post","link":"https:\/\/holgerziegeler.com\/de\/feierlichkeiten-zum-tag-der-belutschen-kultur-in-pakistan\/","title":{"rendered":"Feierlichkeiten zum Tag der Belutschen-Kultur in Pakistan"},"content":{"rendered":"<p>Der deutsche Generalkonsul in Karatschi beteiligte sich am Baloch Culture Day (Tag der Belutschen-Kultur) im M\u00e4rz 2022, als <a href=\"https:\/\/vimeo.com\/holgerziegeler\">Herrn Holger Ziegeler<\/a> und seine Frau zu diesem Anlass in traditioneller balutschischer Kleidung erschienen. Ein Sprecher wies darauf hin, dass die balutschischen Kleider des Paares die Farben der deutschen Flagge aufwiesen, um die Vielfalt Pakistans zu feiern.<\/p>\n<p><strong>Traditionen und Kultur<\/strong><\/p>\n<p><a href=\"https:\/\/jhonum.com\/baloch-cultural-day\/\">Baloch Culture Day<\/a> wird jedes Jahr am 2. M\u00e4rz zu Ehren der Kultur und Traditionen der Belutschen gefeiert. Theatervorf\u00fchrungen, traditionelle T\u00e4nze, Volksmusik und die K\u00fcche der Belutschen pr\u00e4gen regelm\u00e4\u00dfig die Feierlichkeiten. Zu den bekannten Pers\u00f6nlichkeiten in Pakistan mit balutschischen Wurzeln geh\u00f6ren Herr Tariq Mehmood, Herr Iftikhar Muhammad Chaudry und der Schauspieler Herr Anwar Iqbal Baloch.<\/p>\n<p>In einer anl\u00e4sslich dieses Tages ver\u00f6ffentlichten Erkl\u00e4rung wies Herr Ziegeler auf die Bedeutung des kulturellen Austauschs hin. Die pers\u00f6nliche Erfahrung von Elementen anderer Kulturen \u2013 etwa Musik, Essen, Tanz, Kunst und Bekleidung \u2013 k\u00f6nne uns helfen, die anspruchsvollen Philosophien zu verstehen, die diesen verschiedenen Kulturen zugrunde liegen.<\/p>\n<p><iframe loading=\"lazy\" src=\"https:\/\/assets.pinterest.com\/ext\/embed.html?id=1085789791395054662\" width=\"600\" height=\"510\" frameborder=\"0\" scrolling=\"no\"><\/iframe><\/p>\n<p><strong>Die Urspr\u00fcnge des Baloch Culture Day<\/strong><\/p>\n<p>Der erste Baloch Culture Day fand 2010 statt, um das Bewusstsein f\u00fcr die Kultur, die Sprache und das Erbe der Belutschen zu festigen. Heutzutage kommen Menschen aus St\u00e4dten und D\u00f6rfern in ganz Pakistan zusammen und veranstalten verschiedene kulturelle Programme zu Ehren dieses Tages.<\/p>\n<p><iframe loading=\"lazy\" title=\"YouTube video player\" src=\"https:\/\/www.youtube.com\/embed\/mYShmRlMxy0?si=9xJzel93P3VWNXUD\" width=\"560\" height=\"315\" frameborder=\"0\" allowfullscreen=\"allowfullscreen\"><\/iframe><\/p>\n<p><strong>Traditionelle Belutschische Tracht<\/strong><\/p>\n<p>Zur traditionellen balutschischen Tracht f\u00fcr M\u00e4nner geh\u00f6rt ein frischer \u201eShalwar Kameez\u201c, meist in Wei\u00df. Der \u201eShalwar\u201c hat in der Regel eine lockere Passform, w\u00e4hrend der \u201eKameez\u201c, ebenfalls locker geschnitten, \u00fcblicherweise lange \u00c4rmel hat. Der Kragen und die Kn\u00f6pfe der &#8222;Kurta\u201c sind oft mit einfachen Mustern bestickt.<\/p>\n<p>Die belutschischen Frauen tragen traditionell ein selbstgen\u00e4htes Kleid, ein \u201ePashk\u201c. Die N\u00e4hte auf diesen Kleidungsst\u00fccken sind typischerweise sehr kompliziert und wundersch\u00f6n, mit bunten F\u00e4den in verschiedenen Schattierungen. Lesen Sie weitere Informationen \u00fcber die traditionelle Kleidung der Belutschinnen in der integrierten PDF-Datei.<\/p>\n<p><iframe loading=\"lazy\" src=\"https:\/\/www.slideshare.net\/slideshow\/embed_code\/key\/2U5H4kAz6xeP8X?hostedIn=slideshare&amp;page=upload\" width=\"476\" height=\"625\" frameborder=\"0\" marginwidth=\"0\" marginheight=\"0\" scrolling=\"no\"><\/iframe><\/p>\n<p>Auch Kinder spielen beim Baloch Culture Day eine Rolle und kleiden sich \u00e4hnlich wie ihre erwachsenen Altersgenossen. Jungen tragen normalerweise einen schlichten \u201eKameez Shalwar\u201c mit einem \u201eChawat\u201c und einem \u201eMarri\u201c- oder \u201eBugti\u201c-Turban.<\/p>\n<p><strong>Die Geschichte der Belutschen-Kultur<\/strong><\/p>\n<p>Die Geschichte der Belutschen l\u00e4sst sich laut historischer griechischer \u00dcberlieferungen bis ins Jahr 650 v. Chr. zur\u00fcckverfolgen. Belutschisch wird haupts\u00e4chlich in Pakistan, Afghanistan und dem Iran gesprochen. Au\u00dferdem wird diese Sprache von drei bis f\u00fcnf Millionen Menschen in der Golfregion, in Europa und in anderen Teilen der Welt gesprochen.<\/p>\n","protected":false},"excerpt":{"rendered":"<p>Der deutsche Generalkonsul in Karatschi beteiligte sich am Baloch Culture Day (Tag der Belutschen-Kultur) im M\u00e4rz 2022, als Herrn Holger Ziegeler und seine Frau zu diesem Anlass in traditioneller balutschischer Kleidung erschienen. Ein Sprecher wies darauf hin, dass die balutschischen Kleider des Paares die Farben der deutschen Flagge aufwiesen, um die Vielfalt Pakistans zu feiern. [&hellip;]<\/p>\n","protected":false},"author":1,"featured_media":460,"comment_status":"closed","ping_status":"closed","sticky":false,"template":"","format":"standard","meta":{"_et_pb_use_builder":"","_et_pb_old_content":"","_et_gb_content_width":"","footnotes":""},"categories":[7],"tags":[54,20,48],"class_list":["post-471","post","type-post","status-publish","format-standard","has-post-thumbnail","hentry","category-unkategorisiert","tag-baloch-culture-day","tag-holger-ziegeler-de","tag-pakistan-de"],"yoast_head":"<!-- This site is optimized with the Yoast SEO plugin v21.5 - https:\/\/yoast.com\/wordpress\/plugins\/seo\/ -->\n<title>Feierlichkeiten zum Tag der Belutschen-Kultur in Pakistan - Holger Ziegeler<\/title>\n<meta name=\"robots\" content=\"index, follow, max-snippet:-1, max-image-preview:large, max-video-preview:-1\" \/>\n<link rel=\"canonical\" href=\"https:\/\/holgerziegeler.com\/de\/feierlichkeiten-zum-tag-der-belutschen-kultur-in-pakistan\/\" \/>\n<meta property=\"og:locale\" content=\"de_DE\" \/>\n<meta property=\"og:type\" content=\"article\" \/>\n<meta property=\"og:title\" content=\"Feierlichkeiten zum Tag der Belutschen-Kultur in Pakistan - Holger Ziegeler\" \/>\n<meta property=\"og:description\" content=\"Der deutsche Generalkonsul in Karatschi beteiligte sich am Baloch Culture Day (Tag der Belutschen-Kultur) im M\u00e4rz 2022, als Herrn Holger Ziegeler und seine Frau zu diesem Anlass in traditioneller balutschischer Kleidung erschienen. Ein Sprecher wies darauf hin, dass die balutschischen Kleider des Paares die Farben der deutschen Flagge aufwiesen, um die Vielfalt Pakistans zu feiern. [&hellip;]\" \/>\n<meta property=\"og:url\" content=\"https:\/\/holgerziegeler.com\/de\/feierlichkeiten-zum-tag-der-belutschen-kultur-in-pakistan\/\" \/>\n<meta property=\"og:site_name\" content=\"Holger Ziegeler\" \/>\n<meta property=\"article:publisher\" content=\"https:\/\/www.facebook.com\/holgerziegeler.uk\/\" \/>\n<meta property=\"article:published_time\" content=\"2023-08-08T13:25:50+00:00\" \/>\n<meta property=\"article:modified_time\" content=\"2023-09-05T10:52:12+00:00\" \/>\n<meta property=\"og:image\" content=\"https:\/\/holgerziegeler.com\/wp-content\/uploads\/2023\/07\/Celebrating-Baloch-Culture-Day-in-Pakistan.jpg\" \/>\n\t<meta property=\"og:image:width\" content=\"1000\" \/>\n\t<meta property=\"og:image:height\" content=\"660\" \/>\n\t<meta property=\"og:image:type\" content=\"image\/jpeg\" \/>\n<meta name=\"author\" content=\"admin\" \/>\n<meta name=\"twitter:card\" content=\"summary_large_image\" \/>\n<meta name=\"twitter:creator\" content=\"@HolgerZiegeler\" \/>\n<meta name=\"twitter:site\" content=\"@HolgerZiegeler\" \/>\n<meta name=\"twitter:label1\" content=\"Verfasst von\" \/>\n\t<meta name=\"twitter:data1\" content=\"admin\" \/>\n\t<meta name=\"twitter:label2\" content=\"Gesch\u00e4tzte Lesezeit\" \/>\n\t<meta name=\"twitter:data2\" content=\"2\u00a0Minuten\" \/>\n<script type=\"application\/ld+json\" class=\"yoast-schema-graph\">{\"@context\":\"https:\/\/schema.org\",\"@graph\":[{\"@type\":\"Article\",\"@id\":\"https:\/\/holgerziegeler.com\/de\/feierlichkeiten-zum-tag-der-belutschen-kultur-in-pakistan\/#article\",\"isPartOf\":{\"@id\":\"https:\/\/holgerziegeler.com\/de\/feierlichkeiten-zum-tag-der-belutschen-kultur-in-pakistan\/\"},\"author\":{\"name\":\"admin\",\"@id\":\"https:\/\/holgerziegeler.com\/de\/#\/schema\/person\/8113066a13840cda1dd148891abd362b\"},\"headline\":\"Feierlichkeiten zum Tag der Belutschen-Kultur in Pakistan\",\"datePublished\":\"2023-08-08T13:25:50+00:00\",\"dateModified\":\"2023-09-05T10:52:12+00:00\",\"mainEntityOfPage\":{\"@id\":\"https:\/\/holgerziegeler.com\/de\/feierlichkeiten-zum-tag-der-belutschen-kultur-in-pakistan\/\"},\"wordCount\":420,\"publisher\":{\"@id\":\"https:\/\/holgerziegeler.com\/de\/#organization\"},\"keywords\":[\"Baloch Culture Day\",\"Holger Ziegeler\",\"Pakistan\"],\"articleSection\":[\"Unkategorisiert\"],\"inLanguage\":\"de\"},{\"@type\":\"WebPage\",\"@id\":\"https:\/\/holgerziegeler.com\/de\/feierlichkeiten-zum-tag-der-belutschen-kultur-in-pakistan\/\",\"url\":\"https:\/\/holgerziegeler.com\/de\/feierlichkeiten-zum-tag-der-belutschen-kultur-in-pakistan\/\",\"name\":\"Feierlichkeiten zum Tag der Belutschen-Kultur in Pakistan - Holger Ziegeler\",\"isPartOf\":{\"@id\":\"https:\/\/holgerziegeler.com\/de\/#website\"},\"datePublished\":\"2023-08-08T13:25:50+00:00\",\"dateModified\":\"2023-09-05T10:52:12+00:00\",\"breadcrumb\":{\"@id\":\"https:\/\/holgerziegeler.com\/de\/feierlichkeiten-zum-tag-der-belutschen-kultur-in-pakistan\/#breadcrumb\"},\"inLanguage\":\"de\",\"potentialAction\":[{\"@type\":\"ReadAction\",\"target\":[\"https:\/\/holgerziegeler.com\/de\/feierlichkeiten-zum-tag-der-belutschen-kultur-in-pakistan\/\"]}]},{\"@type\":\"BreadcrumbList\",\"@id\":\"https:\/\/holgerziegeler.com\/de\/feierlichkeiten-zum-tag-der-belutschen-kultur-in-pakistan\/#breadcrumb\",\"itemListElement\":[{\"@type\":\"ListItem\",\"position\":1,\"name\":\"Home\",\"item\":\"https:\/\/holgerziegeler.com\/de\/\"},{\"@type\":\"ListItem\",\"position\":2,\"name\":\"Feierlichkeiten zum Tag der Belutschen-Kultur in Pakistan\"}]},{\"@type\":\"WebSite\",\"@id\":\"https:\/\/holgerziegeler.com\/de\/#website\",\"url\":\"https:\/\/holgerziegeler.com\/de\/\",\"name\":\"Holger Ziegeler\",\"description\":\"Holger Ziegeler&#039;s Website\",\"publisher\":{\"@id\":\"https:\/\/holgerziegeler.com\/de\/#organization\"},\"potentialAction\":[{\"@type\":\"SearchAction\",\"target\":{\"@type\":\"EntryPoint\",\"urlTemplate\":\"https:\/\/holgerziegeler.com\/de\/?s={search_term_string}\"},\"query-input\":\"required name=search_term_string\"}],\"inLanguage\":\"de\"},{\"@type\":\"Organization\",\"@id\":\"https:\/\/holgerziegeler.com\/de\/#organization\",\"name\":\"Holger Ziegeler\",\"url\":\"https:\/\/holgerziegeler.com\/de\/\",\"logo\":{\"@type\":\"ImageObject\",\"inLanguage\":\"de\",\"@id\":\"https:\/\/holgerziegeler.com\/de\/#\/schema\/logo\/image\/\",\"url\":\"https:\/\/holgerziegeler.com\/wp-content\/uploads\/2023\/01\/HZ-logo.png\",\"contentUrl\":\"https:\/\/holgerziegeler.com\/wp-content\/uploads\/2023\/01\/HZ-logo.png\",\"width\":306,\"height\":418,\"caption\":\"Holger Ziegeler\"},\"image\":{\"@id\":\"https:\/\/holgerziegeler.com\/de\/#\/schema\/logo\/image\/\"},\"sameAs\":[\"https:\/\/www.facebook.com\/holgerziegeler.uk\/\",\"https:\/\/twitter.com\/HolgerZiegeler\",\"https:\/\/www.linkedin.com\/in\/holger-ziegeler-0776a559\",\"https:\/\/medium.com\/@holgerziegeler\",\"https:\/\/www.youtube.com\/channel\/UCbzPlB-muArrKKUL99osfUg\"]},{\"@type\":\"Person\",\"@id\":\"https:\/\/holgerziegeler.com\/de\/#\/schema\/person\/8113066a13840cda1dd148891abd362b\",\"name\":\"admin\",\"image\":{\"@type\":\"ImageObject\",\"inLanguage\":\"de\",\"@id\":\"https:\/\/holgerziegeler.com\/de\/#\/schema\/person\/image\/\",\"url\":\"https:\/\/holgerziegeler.com\/wp-content\/litespeed\/avatar\/886012e40194dc1430cee03a4c7333ee.jpg?ver=1776897465\",\"contentUrl\":\"https:\/\/holgerziegeler.com\/wp-content\/litespeed\/avatar\/886012e40194dc1430cee03a4c7333ee.jpg?ver=1776897465\",\"caption\":\"admin\"},\"sameAs\":[\"http:\/\/holgerziegeler.com\"],\"url\":\"https:\/\/holgerziegeler.com\/de\/author\/admin\/\"}]}<\/script>\n<!-- \/ Yoast SEO plugin. -->","yoast_head_json":{"title":"Feierlichkeiten zum Tag der Belutschen-Kultur in Pakistan - Holger Ziegeler","robots":{"index":"index","follow":"follow","max-snippet":"max-snippet:-1","max-image-preview":"max-image-preview:large","max-video-preview":"max-video-preview:-1"},"canonical":"https:\/\/holgerziegeler.com\/de\/feierlichkeiten-zum-tag-der-belutschen-kultur-in-pakistan\/","og_locale":"de_DE","og_type":"article","og_title":"Feierlichkeiten zum Tag der Belutschen-Kultur in Pakistan - Holger Ziegeler","og_description":"Der deutsche Generalkonsul in Karatschi beteiligte sich am Baloch Culture Day (Tag der Belutschen-Kultur) im M\u00e4rz 2022, als Herrn Holger Ziegeler und seine Frau zu diesem Anlass in traditioneller balutschischer Kleidung erschienen. Ein Sprecher wies darauf hin, dass die balutschischen Kleider des Paares die Farben der deutschen Flagge aufwiesen, um die Vielfalt Pakistans zu feiern. [&hellip;]","og_url":"https:\/\/holgerziegeler.com\/de\/feierlichkeiten-zum-tag-der-belutschen-kultur-in-pakistan\/","og_site_name":"Holger Ziegeler","article_publisher":"https:\/\/www.facebook.com\/holgerziegeler.uk\/","article_published_time":"2023-08-08T13:25:50+00:00","article_modified_time":"2023-09-05T10:52:12+00:00","og_image":[{"width":1000,"height":660,"url":"https:\/\/holgerziegeler.com\/wp-content\/uploads\/2023\/07\/Celebrating-Baloch-Culture-Day-in-Pakistan.jpg","type":"image\/jpeg"}],"author":"admin","twitter_card":"summary_large_image","twitter_creator":"@HolgerZiegeler","twitter_site":"@HolgerZiegeler","twitter_misc":{"Verfasst von":"admin","Gesch\u00e4tzte Lesezeit":"2\u00a0Minuten"},"schema":{"@context":"https:\/\/schema.org","@graph":[{"@type":"Article","@id":"https:\/\/holgerziegeler.com\/de\/feierlichkeiten-zum-tag-der-belutschen-kultur-in-pakistan\/#article","isPartOf":{"@id":"https:\/\/holgerziegeler.com\/de\/feierlichkeiten-zum-tag-der-belutschen-kultur-in-pakistan\/"},"author":{"name":"admin","@id":"https:\/\/holgerziegeler.com\/de\/#\/schema\/person\/8113066a13840cda1dd148891abd362b"},"headline":"Feierlichkeiten zum Tag der Belutschen-Kultur in Pakistan","datePublished":"2023-08-08T13:25:50+00:00","dateModified":"2023-09-05T10:52:12+00:00","mainEntityOfPage":{"@id":"https:\/\/holgerziegeler.com\/de\/feierlichkeiten-zum-tag-der-belutschen-kultur-in-pakistan\/"},"wordCount":420,"publisher":{"@id":"https:\/\/holgerziegeler.com\/de\/#organization"},"keywords":["Baloch Culture Day","Holger Ziegeler","Pakistan"],"articleSection":["Unkategorisiert"],"inLanguage":"de"},{"@type":"WebPage","@id":"https:\/\/holgerziegeler.com\/de\/feierlichkeiten-zum-tag-der-belutschen-kultur-in-pakistan\/","url":"https:\/\/holgerziegeler.com\/de\/feierlichkeiten-zum-tag-der-belutschen-kultur-in-pakistan\/","name":"Feierlichkeiten zum Tag der Belutschen-Kultur in Pakistan - Holger Ziegeler","isPartOf":{"@id":"https:\/\/holgerziegeler.com\/de\/#website"},"datePublished":"2023-08-08T13:25:50+00:00","dateModified":"2023-09-05T10:52:12+00:00","breadcrumb":{"@id":"https:\/\/holgerziegeler.com\/de\/feierlichkeiten-zum-tag-der-belutschen-kultur-in-pakistan\/#breadcrumb"},"inLanguage":"de","potentialAction":[{"@type":"ReadAction","target":["https:\/\/holgerziegeler.com\/de\/feierlichkeiten-zum-tag-der-belutschen-kultur-in-pakistan\/"]}]},{"@type":"BreadcrumbList","@id":"https:\/\/holgerziegeler.com\/de\/feierlichkeiten-zum-tag-der-belutschen-kultur-in-pakistan\/#breadcrumb","itemListElement":[{"@type":"ListItem","position":1,"name":"Home","item":"https:\/\/holgerziegeler.com\/de\/"},{"@type":"ListItem","position":2,"name":"Feierlichkeiten zum Tag der Belutschen-Kultur in Pakistan"}]},{"@type":"WebSite","@id":"https:\/\/holgerziegeler.com\/de\/#website","url":"https:\/\/holgerziegeler.com\/de\/","name":"Holger Ziegeler","description":"Holger Ziegeler&#039;s Website","publisher":{"@id":"https:\/\/holgerziegeler.com\/de\/#organization"},"potentialAction":[{"@type":"SearchAction","target":{"@type":"EntryPoint","urlTemplate":"https:\/\/holgerziegeler.com\/de\/?s={search_term_string}"},"query-input":"required name=search_term_string"}],"inLanguage":"de"},{"@type":"Organization","@id":"https:\/\/holgerziegeler.com\/de\/#organization","name":"Holger Ziegeler","url":"https:\/\/holgerziegeler.com\/de\/","logo":{"@type":"ImageObject","inLanguage":"de","@id":"https:\/\/holgerziegeler.com\/de\/#\/schema\/logo\/image\/","url":"https:\/\/holgerziegeler.com\/wp-content\/uploads\/2023\/01\/HZ-logo.png","contentUrl":"https:\/\/holgerziegeler.com\/wp-content\/uploads\/2023\/01\/HZ-logo.png","width":306,"height":418,"caption":"Holger Ziegeler"},"image":{"@id":"https:\/\/holgerziegeler.com\/de\/#\/schema\/logo\/image\/"},"sameAs":["https:\/\/www.facebook.com\/holgerziegeler.uk\/","https:\/\/twitter.com\/HolgerZiegeler","https:\/\/www.linkedin.com\/in\/holger-ziegeler-0776a559","https:\/\/medium.com\/@holgerziegeler","https:\/\/www.youtube.com\/channel\/UCbzPlB-muArrKKUL99osfUg"]},{"@type":"Person","@id":"https:\/\/holgerziegeler.com\/de\/#\/schema\/person\/8113066a13840cda1dd148891abd362b","name":"admin","image":{"@type":"ImageObject","inLanguage":"de","@id":"https:\/\/holgerziegeler.com\/de\/#\/schema\/person\/image\/","url":"https:\/\/holgerziegeler.com\/wp-content\/litespeed\/avatar\/886012e40194dc1430cee03a4c7333ee.jpg?ver=1776897465","contentUrl":"https:\/\/holgerziegeler.com\/wp-content\/litespeed\/avatar\/886012e40194dc1430cee03a4c7333ee.jpg?ver=1776897465","caption":"admin"},"sameAs":["http:\/\/holgerziegeler.com"],"url":"https:\/\/holgerziegeler.com\/de\/author\/admin\/"}]}},"_links":{"self":[{"href":"https:\/\/holgerziegeler.com\/de\/wp-json\/wp\/v2\/posts\/471","targetHints":{"allow":["GET"]}}],"collection":[{"href":"https:\/\/holgerziegeler.com\/de\/wp-json\/wp\/v2\/posts"}],"about":[{"href":"https:\/\/holgerziegeler.com\/de\/wp-json\/wp\/v2\/types\/post"}],"author":[{"embeddable":true,"href":"https:\/\/holgerziegeler.com\/de\/wp-json\/wp\/v2\/users\/1"}],"replies":[{"embeddable":true,"href":"https:\/\/holgerziegeler.com\/de\/wp-json\/wp\/v2\/comments?post=471"}],"version-history":[{"count":2,"href":"https:\/\/holgerziegeler.com\/de\/wp-json\/wp\/v2\/posts\/471\/revisions"}],"predecessor-version":[{"id":495,"href":"https:\/\/holgerziegeler.com\/de\/wp-json\/wp\/v2\/posts\/471\/revisions\/495"}],"wp:featuredmedia":[{"embeddable":true,"href":"https:\/\/holgerziegeler.com\/de\/wp-json\/wp\/v2\/media\/460"}],"wp:attachment":[{"href":"https:\/\/holgerziegeler.com\/de\/wp-json\/wp\/v2\/media?parent=471"}],"wp:term":[{"taxonomy":"category","embeddable":true,"href":"https:\/\/holgerziegeler.com\/de\/wp-json\/wp\/v2\/categories?post=471"},{"taxonomy":"post_tag","embeddable":true,"href":"https:\/\/holgerziegeler.com\/de\/wp-json\/wp\/v2\/tags?post=471"}],"curies":[{"name":"wp","href":"https:\/\/api.w.org\/{rel}","templated":true}]}}